{"id":14312,"date":"2023-04-07T00:00:00","date_gmt":"2023-04-07T00:00:00","guid":{"rendered":"https:\/\/avocat-gc.com\/divorce\/articles\/desaccord-concernant-la-garde-des-enfants-avant-les-vacances-scolaires\/"},"modified":"2026-01-16T09:32:10","modified_gmt":"2026-01-16T09:32:10","slug":"desaccord-concernant-la-garde-des-enfants-avant-les-vacances-scolaires","status":"publish","type":"post","link":"https:\/\/avocat-gc.com\/divorce\/articles\/desaccord-concernant-la-garde-des-enfants-avant-les-vacances-scolaires\/","title":{"rendered":"D\u00e9saccord concernant la garde des enfants avant les vacances scolaires"},"content":{"rendered":"<h2>Que faire en cas de d\u00e9saccord concernant le partage des vacances scolaires ?<\/h2>\n<\/p>\n<p class=\"img-left\"><img decoding=\"async\" alt=\"avocat vacances scolaires divorce\" title=\"vacances scolaires divorce\" width=\"170\" border=\"2\" src=\"\/divorce\/wp-content\/uploads\/2024\/04\/fiche-pratique-juridique-avocat.jpg\" \/><\/p>\n<p align=\"justify\">Le partage de la garde des enfants est souvent source de conflit entre les parents s\u00e9par\u00e9s ou divorc\u00e9s, surtout lors des p\u00e9riodes de vacances. Il est important de respecter les droits et les besoins de chacun, tout en pr\u00e9servant l&rsquo;int\u00e9r\u00eat des enfants. Voici quelques conseils pour g\u00e9rer au mieux cette situation d\u00e9licate.<\/p>\n<\/p>\n<h2>Vous souhaitez divorcer ? Contactez notre AVOCAT DIVORCE<\/h2>\n<\/p>\n<h3>1. Respecter le jugement ou la convention parentale<\/h3>\n<p align=\"justify\">Le premier r\u00e9flexe \u00e0 avoir en cas de d\u00e9saccord sur le partage de la garde des enfants est de se r\u00e9f\u00e9rer au jugement ou \u00e0 <a href=\"\/divorce\/articles\/les-mentions-obligatoires-dans-votre-convention-de-divorce\/\" title=\"convention divorce\" target=\"\" rel=\"noopener\">la convention parentale <\/a>qui fixe les modalit\u00e9s de la garde altern\u00e9e ou du droit de visite et d&rsquo;h\u00e9bergement. Ces documents ont une valeur juridique et doivent \u00eatre respect\u00e9s par les deux parties, sauf accord contraire \u00e9crit et sign\u00e9. Si l&rsquo;un des parents ne respecte pas le jugement ou la convention, l&rsquo;autre peut saisir le juge aux affaires familiales pour faire valoir ses droits.<\/p>\n<h3>2. Communiquer et n\u00e9gocier avec l&rsquo;autre parent<\/h3>\n<p align=\"justify\">Si le jugement ou la convention parentale ne pr\u00e9voit pas de r\u00e8gle sp\u00e9cifique pour les vacances, ou si les parents souhaitent modifier ponctuellement le partage des vacances scolaires, il est pr\u00e9f\u00e9rable de communiquer et de n\u00e9gocier avec l&rsquo;autre parent. Il faut essayer de trouver un compromis qui convienne aux deux parties, en tenant compte des contraintes professionnelles, des projets personnels et des souhaits des enfants. Il faut \u00e9galement informer l&rsquo;autre parent des dates et du lieu du s\u00e9jour, ainsi que des coordonn\u00e9es o\u00f9 joindre les enfants.<\/p>\n<h3>3. Faire appel \u00e0 un tiers en cas de blocage<\/h3>\n<p align=\"justify\">Si la communication et la n\u00e9gociation \u00e9chouent, il peut \u00eatre utile de faire appel \u00e0 un tiers pour d\u00e9bloquer la situation. Il peut s&rsquo;agir d&rsquo;un<a href=\"\/divorce\/articles\/la-mediation-familiale-attitude-douverture-et-de-reconstruction-familiale\/\" title=\"divorce m\u00e9diateur\" target=\"\" rel=\"noopener\"> m\u00e9diateur familial<\/a>, d&rsquo;un avocat, d&rsquo;un notaire ou d&rsquo;un juge aux affaires familiales. Le r\u00f4le du tiers est d&rsquo;aider les parents \u00e0 trouver une solution amiable, ou \u00e0 d\u00e9faut, de trancher le litige en fonction de l&rsquo;int\u00e9r\u00eat des enfants. Il faut toutefois \u00e9viter d&rsquo;impliquer les enfants dans le conflit, et de les mettre en position de choisir entre leurs parents.<\/p>\n<p align=\"justify\">Le partage de la garde des enfants juste avant de partir en vacances peut \u00eatre source de stress et de tension entre les parents s\u00e9par\u00e9s ou divorc\u00e9s. Il est donc important de respecter le cadre juridique, de communiquer et de n\u00e9gocier avec l&rsquo;autre parent, et de faire appel \u00e0 un tiers en cas de blocage. L&rsquo;objectif est de pr\u00e9server le bien-\u00eatre des enfants, qui ont besoin de passer du temps avec leurs deux parents.<\/p>\n","protected":false},"excerpt":{"rendered":"<p>Que faire en cas de d\u00e9saccord concernant le partage des vacances scolaires ? Le partage de la garde des enfants est souvent source de conflit entre les parents s\u00e9par\u00e9s ou divorc\u00e9s, surtout lors des p\u00e9riodes de vacances. Il est important de respecter les droits et les besoins de chacun, tout en pr\u00e9servant l&rsquo;int\u00e9r\u00eat des enfants. [&hellip;]<\/p>\n","protected":false},"author":1,"featured_media":0,"comment_status":"open","ping_status":"open","sticky":true,"template":"","format":"standard","meta":{"_acf_changed":false,"inline_featured_image":false,"footnotes":""},"categories":[1],"tags":[],"class_list":["post-14312","post","type-post","status-publish","format-standard","hentry","category-uncategorized"],"acf":[],"yoast_head":"<!-- This site is optimized with the Yoast SEO plugin v27.5 - https:\/\/yoast.com\/product\/yoast-seo-wordpress\/ -->\n<title>D\u00e9saccord concernant la garde des enfants avant les vacances scolaires - Avocat Divorce<\/title>\n<meta name=\"description\" content=\"Comment r\u00e9agir lorsqu&#039;un d\u00e9saccord survient concernant les enfants, juste avant les vacances scolaires ? - Cabinet d&#039;avocat GC - T\u00e9l : 01.47.04.25.40. Divorce amiable - Divorce sans juge \u2013 Divorcez en 1 mois - T\u00e9l : 01.47.04.25.40 . Devis Gratuit &amp; Imm\u00e9diat.\" \/>\n<meta name=\"robots\" content=\"index, follow, max-snippet:-1, max-image-preview:large, max-video-preview:-1\" \/>\n<link rel=\"canonical\" href=\"https:\/\/avocat-gc.com\/divorce\/articles\/desaccord-concernant-la-garde-des-enfants-avant-les-vacances-scolaires\/\" \/>\n<meta property=\"og:locale\" content=\"fr_FR\" \/>\n<meta property=\"og:type\" content=\"article\" \/>\n<meta property=\"og:title\" content=\"D\u00e9saccord concernant la garde des enfants avant les vacances scolaires - Avocat Divorce\" \/>\n<meta property=\"og:description\" content=\"Comment r\u00e9agir lorsqu&#039;un d\u00e9saccord survient concernant les enfants, juste avant les vacances scolaires ? - Cabinet d&#039;avocat GC - T\u00e9l : 01.47.04.25.40. Divorce amiable - Divorce sans juge \u2013 Divorcez en 1 mois - T\u00e9l : 01.47.04.25.40 . Devis Gratuit &amp; Imm\u00e9diat.\" \/>\n<meta property=\"og:url\" content=\"https:\/\/avocat-gc.com\/divorce\/articles\/desaccord-concernant-la-garde-des-enfants-avant-les-vacances-scolaires\/\" \/>\n<meta property=\"og:site_name\" content=\"Avocat GC - Avocat Divorce\" \/>\n<meta property=\"article:published_time\" content=\"2023-04-07T00:00:00+00:00\" \/>\n<meta property=\"article:modified_time\" content=\"2026-01-16T09:32:10+00:00\" \/>\n<meta name=\"author\" content=\"admin\" \/>\n<meta name=\"twitter:card\" content=\"summary_large_image\" \/>\n<script type=\"application\/ld+json\" class=\"yoast-schema-graph\">{\"@context\":\"https:\\\/\\\/schema.org\",\"@graph\":[{\"@type\":\"Article\",\"@id\":\"https:\\\/\\\/avocat-gc.com\\\/divorce\\\/articles\\\/desaccord-concernant-la-garde-des-enfants-avant-les-vacances-scolaires\\\/#article\",\"isPartOf\":{\"@id\":\"https:\\\/\\\/avocat-gc.com\\\/divorce\\\/articles\\\/desaccord-concernant-la-garde-des-enfants-avant-les-vacances-scolaires\\\/\"},\"author\":{\"name\":\"admin\",\"@id\":\"https:\\\/\\\/avocat-gc.com\\\/divorce\\\/#\\\/schema\\\/person\\\/9edd84cfe72503e15f26bd70365c1c3c\"},\"headline\":\"D\u00e9saccord concernant la garde des enfants avant les vacances scolaires\",\"datePublished\":\"2023-04-07T00:00:00+00:00\",\"dateModified\":\"2026-01-16T09:32:10+00:00\",\"mainEntityOfPage\":{\"@id\":\"https:\\\/\\\/avocat-gc.com\\\/divorce\\\/articles\\\/desaccord-concernant-la-garde-des-enfants-avant-les-vacances-scolaires\\\/\"},\"wordCount\":486,\"commentCount\":0,\"publisher\":{\"@id\":\"https:\\\/\\\/avocat-gc.com\\\/divorce\\\/#organization\"},\"articleSection\":[\"Uncategorized\"],\"inLanguage\":\"fr-FR\",\"potentialAction\":[{\"@type\":\"CommentAction\",\"name\":\"Comment\",\"target\":[\"https:\\\/\\\/avocat-gc.com\\\/divorce\\\/articles\\\/desaccord-concernant-la-garde-des-enfants-avant-les-vacances-scolaires\\\/#respond\"]}]},{\"@type\":\"WebPage\",\"@id\":\"https:\\\/\\\/avocat-gc.com\\\/divorce\\\/articles\\\/desaccord-concernant-la-garde-des-enfants-avant-les-vacances-scolaires\\\/\",\"url\":\"https:\\\/\\\/avocat-gc.com\\\/divorce\\\/articles\\\/desaccord-concernant-la-garde-des-enfants-avant-les-vacances-scolaires\\\/\",\"name\":\"D\u00e9saccord concernant la garde des enfants avant les vacances scolaires - Avocat Divorce\",\"isPartOf\":{\"@id\":\"https:\\\/\\\/avocat-gc.com\\\/divorce\\\/#website\"},\"datePublished\":\"2023-04-07T00:00:00+00:00\",\"dateModified\":\"2026-01-16T09:32:10+00:00\",\"description\":\"Comment r\u00e9agir lorsqu'un d\u00e9saccord survient concernant les enfants, juste avant les vacances scolaires ? - Cabinet d'avocat GC - T\u00e9l : 01.47.04.25.40. Divorce amiable - Divorce sans juge \u2013 Divorcez en 1 mois - T\u00e9l : 01.47.04.25.40 . Devis Gratuit & Imm\u00e9diat.\",\"breadcrumb\":{\"@id\":\"https:\\\/\\\/avocat-gc.com\\\/divorce\\\/articles\\\/desaccord-concernant-la-garde-des-enfants-avant-les-vacances-scolaires\\\/#breadcrumb\"},\"inLanguage\":\"fr-FR\",\"potentialAction\":[{\"@type\":\"ReadAction\",\"target\":[\"https:\\\/\\\/avocat-gc.com\\\/divorce\\\/articles\\\/desaccord-concernant-la-garde-des-enfants-avant-les-vacances-scolaires\\\/\"]}]},{\"@type\":\"BreadcrumbList\",\"@id\":\"https:\\\/\\\/avocat-gc.com\\\/divorce\\\/articles\\\/desaccord-concernant-la-garde-des-enfants-avant-les-vacances-scolaires\\\/#breadcrumb\",\"itemListElement\":[{\"@type\":\"ListItem\",\"position\":1,\"name\":\"Accueil\",\"item\":\"https:\\\/\\\/avocat-gc.com\\\/divorce\\\/\"},{\"@type\":\"ListItem\",\"position\":2,\"name\":\"D\u00e9saccord concernant la garde des enfants avant les vacances scolaires\"}]},{\"@type\":\"WebSite\",\"@id\":\"https:\\\/\\\/avocat-gc.com\\\/divorce\\\/#website\",\"url\":\"https:\\\/\\\/avocat-gc.com\\\/divorce\\\/\",\"name\":\"Avocat GC - Avocat Divorce\",\"description\":\"\",\"publisher\":{\"@id\":\"https:\\\/\\\/avocat-gc.com\\\/divorce\\\/#organization\"},\"potentialAction\":[{\"@type\":\"SearchAction\",\"target\":{\"@type\":\"EntryPoint\",\"urlTemplate\":\"https:\\\/\\\/avocat-gc.com\\\/divorce\\\/?s={search_term_string}\"},\"query-input\":{\"@type\":\"PropertyValueSpecification\",\"valueRequired\":true,\"valueName\":\"search_term_string\"}}],\"inLanguage\":\"fr-FR\"},{\"@type\":\"Organization\",\"@id\":\"https:\\\/\\\/avocat-gc.com\\\/divorce\\\/#organization\",\"name\":\"Avocat GC - Avocat Divorce\",\"url\":\"https:\\\/\\\/avocat-gc.com\\\/divorce\\\/\",\"logo\":{\"@type\":\"ImageObject\",\"inLanguage\":\"fr-FR\",\"@id\":\"https:\\\/\\\/avocat-gc.com\\\/divorce\\\/#\\\/schema\\\/logo\\\/image\\\/\",\"url\":\"https:\\\/\\\/avocat-gc.com\\\/divorce\\\/wp-content\\\/uploads\\\/2024\\\/04\\\/cropped-Sans-titre.png\",\"contentUrl\":\"https:\\\/\\\/avocat-gc.com\\\/divorce\\\/wp-content\\\/uploads\\\/2024\\\/04\\\/cropped-Sans-titre.png\",\"width\":200,\"height\":180,\"caption\":\"Avocat GC - Avocat Divorce\"},\"image\":{\"@id\":\"https:\\\/\\\/avocat-gc.com\\\/divorce\\\/#\\\/schema\\\/logo\\\/image\\\/\"}},{\"@type\":\"Person\",\"@id\":\"https:\\\/\\\/avocat-gc.com\\\/divorce\\\/#\\\/schema\\\/person\\\/9edd84cfe72503e15f26bd70365c1c3c\",\"name\":\"admin\",\"image\":{\"@type\":\"ImageObject\",\"inLanguage\":\"fr-FR\",\"@id\":\"https:\\\/\\\/secure.gravatar.com\\\/avatar\\\/e35d6088122cd1ecf1c1a76a3ef2cf83860885ec985c18e2d8a255f0d8efc960?s=96&d=mm&r=g\",\"url\":\"https:\\\/\\\/secure.gravatar.com\\\/avatar\\\/e35d6088122cd1ecf1c1a76a3ef2cf83860885ec985c18e2d8a255f0d8efc960?s=96&d=mm&r=g\",\"contentUrl\":\"https:\\\/\\\/secure.gravatar.com\\\/avatar\\\/e35d6088122cd1ecf1c1a76a3ef2cf83860885ec985c18e2d8a255f0d8efc960?s=96&d=mm&r=g\",\"caption\":\"admin\"},\"sameAs\":[\"https:\\\/\\\/avocat-gc.com\\\/divorce\"],\"url\":\"https:\\\/\\\/avocat-gc.com\\\/divorce\\\/author\\\/admin_t8mwfty9\\\/\"}]}<\/script>\n<!-- \/ Yoast SEO plugin. -->","yoast_head_json":{"title":"D\u00e9saccord concernant la garde des enfants avant les vacances scolaires - Avocat Divorce","description":"Comment r\u00e9agir lorsqu'un d\u00e9saccord survient concernant les enfants, juste avant les vacances scolaires ? - Cabinet d'avocat GC - T\u00e9l : 01.47.04.25.40. Divorce amiable - Divorce sans juge \u2013 Divorcez en 1 mois - T\u00e9l : 01.47.04.25.40 . Devis Gratuit & Imm\u00e9diat.","robots":{"index":"index","follow":"follow","max-snippet":"max-snippet:-1","max-image-preview":"max-image-preview:large","max-video-preview":"max-video-preview:-1"},"canonical":"https:\/\/avocat-gc.com\/divorce\/articles\/desaccord-concernant-la-garde-des-enfants-avant-les-vacances-scolaires\/","og_locale":"fr_FR","og_type":"article","og_title":"D\u00e9saccord concernant la garde des enfants avant les vacances scolaires - Avocat Divorce","og_description":"Comment r\u00e9agir lorsqu'un d\u00e9saccord survient concernant les enfants, juste avant les vacances scolaires ? - Cabinet d'avocat GC - T\u00e9l : 01.47.04.25.40. Divorce amiable - Divorce sans juge \u2013 Divorcez en 1 mois - T\u00e9l : 01.47.04.25.40 . Devis Gratuit & Imm\u00e9diat.","og_url":"https:\/\/avocat-gc.com\/divorce\/articles\/desaccord-concernant-la-garde-des-enfants-avant-les-vacances-scolaires\/","og_site_name":"Avocat GC - Avocat Divorce","article_published_time":"2023-04-07T00:00:00+00:00","article_modified_time":"2026-01-16T09:32:10+00:00","author":"admin","twitter_card":"summary_large_image","schema":{"@context":"https:\/\/schema.org","@graph":[{"@type":"Article","@id":"https:\/\/avocat-gc.com\/divorce\/articles\/desaccord-concernant-la-garde-des-enfants-avant-les-vacances-scolaires\/#article","isPartOf":{"@id":"https:\/\/avocat-gc.com\/divorce\/articles\/desaccord-concernant-la-garde-des-enfants-avant-les-vacances-scolaires\/"},"author":{"name":"admin","@id":"https:\/\/avocat-gc.com\/divorce\/#\/schema\/person\/9edd84cfe72503e15f26bd70365c1c3c"},"headline":"D\u00e9saccord concernant la garde des enfants avant les vacances scolaires","datePublished":"2023-04-07T00:00:00+00:00","dateModified":"2026-01-16T09:32:10+00:00","mainEntityOfPage":{"@id":"https:\/\/avocat-gc.com\/divorce\/articles\/desaccord-concernant-la-garde-des-enfants-avant-les-vacances-scolaires\/"},"wordCount":486,"commentCount":0,"publisher":{"@id":"https:\/\/avocat-gc.com\/divorce\/#organization"},"articleSection":["Uncategorized"],"inLanguage":"fr-FR","potentialAction":[{"@type":"CommentAction","name":"Comment","target":["https:\/\/avocat-gc.com\/divorce\/articles\/desaccord-concernant-la-garde-des-enfants-avant-les-vacances-scolaires\/#respond"]}]},{"@type":"WebPage","@id":"https:\/\/avocat-gc.com\/divorce\/articles\/desaccord-concernant-la-garde-des-enfants-avant-les-vacances-scolaires\/","url":"https:\/\/avocat-gc.com\/divorce\/articles\/desaccord-concernant-la-garde-des-enfants-avant-les-vacances-scolaires\/","name":"D\u00e9saccord concernant la garde des enfants avant les vacances scolaires - Avocat Divorce","isPartOf":{"@id":"https:\/\/avocat-gc.com\/divorce\/#website"},"datePublished":"2023-04-07T00:00:00+00:00","dateModified":"2026-01-16T09:32:10+00:00","description":"Comment r\u00e9agir lorsqu'un d\u00e9saccord survient concernant les enfants, juste avant les vacances scolaires ? - Cabinet d'avocat GC - T\u00e9l : 01.47.04.25.40. Divorce amiable - Divorce sans juge \u2013 Divorcez en 1 mois - T\u00e9l : 01.47.04.25.40 . Devis Gratuit & Imm\u00e9diat.","breadcrumb":{"@id":"https:\/\/avocat-gc.com\/divorce\/articles\/desaccord-concernant-la-garde-des-enfants-avant-les-vacances-scolaires\/#breadcrumb"},"inLanguage":"fr-FR","potentialAction":[{"@type":"ReadAction","target":["https:\/\/avocat-gc.com\/divorce\/articles\/desaccord-concernant-la-garde-des-enfants-avant-les-vacances-scolaires\/"]}]},{"@type":"BreadcrumbList","@id":"https:\/\/avocat-gc.com\/divorce\/articles\/desaccord-concernant-la-garde-des-enfants-avant-les-vacances-scolaires\/#breadcrumb","itemListElement":[{"@type":"ListItem","position":1,"name":"Accueil","item":"https:\/\/avocat-gc.com\/divorce\/"},{"@type":"ListItem","position":2,"name":"D\u00e9saccord concernant la garde des enfants avant les vacances scolaires"}]},{"@type":"WebSite","@id":"https:\/\/avocat-gc.com\/divorce\/#website","url":"https:\/\/avocat-gc.com\/divorce\/","name":"Avocat GC - Avocat Divorce","description":"","publisher":{"@id":"https:\/\/avocat-gc.com\/divorce\/#organization"},"potentialAction":[{"@type":"SearchAction","target":{"@type":"EntryPoint","urlTemplate":"https:\/\/avocat-gc.com\/divorce\/?s={search_term_string}"},"query-input":{"@type":"PropertyValueSpecification","valueRequired":true,"valueName":"search_term_string"}}],"inLanguage":"fr-FR"},{"@type":"Organization","@id":"https:\/\/avocat-gc.com\/divorce\/#organization","name":"Avocat GC - Avocat Divorce","url":"https:\/\/avocat-gc.com\/divorce\/","logo":{"@type":"ImageObject","inLanguage":"fr-FR","@id":"https:\/\/avocat-gc.com\/divorce\/#\/schema\/logo\/image\/","url":"https:\/\/avocat-gc.com\/divorce\/wp-content\/uploads\/2024\/04\/cropped-Sans-titre.png","contentUrl":"https:\/\/avocat-gc.com\/divorce\/wp-content\/uploads\/2024\/04\/cropped-Sans-titre.png","width":200,"height":180,"caption":"Avocat GC - Avocat Divorce"},"image":{"@id":"https:\/\/avocat-gc.com\/divorce\/#\/schema\/logo\/image\/"}},{"@type":"Person","@id":"https:\/\/avocat-gc.com\/divorce\/#\/schema\/person\/9edd84cfe72503e15f26bd70365c1c3c","name":"admin","image":{"@type":"ImageObject","inLanguage":"fr-FR","@id":"https:\/\/secure.gravatar.com\/avatar\/e35d6088122cd1ecf1c1a76a3ef2cf83860885ec985c18e2d8a255f0d8efc960?s=96&d=mm&r=g","url":"https:\/\/secure.gravatar.com\/avatar\/e35d6088122cd1ecf1c1a76a3ef2cf83860885ec985c18e2d8a255f0d8efc960?s=96&d=mm&r=g","contentUrl":"https:\/\/secure.gravatar.com\/avatar\/e35d6088122cd1ecf1c1a76a3ef2cf83860885ec985c18e2d8a255f0d8efc960?s=96&d=mm&r=g","caption":"admin"},"sameAs":["https:\/\/avocat-gc.com\/divorce"],"url":"https:\/\/avocat-gc.com\/divorce\/author\/admin_t8mwfty9\/"}]}},"_links":{"self":[{"href":"https:\/\/avocat-gc.com\/divorce\/wp-json\/wp\/v2\/posts\/14312","targetHints":{"allow":["GET"]}}],"collection":[{"href":"https:\/\/avocat-gc.com\/divorce\/wp-json\/wp\/v2\/posts"}],"about":[{"href":"https:\/\/avocat-gc.com\/divorce\/wp-json\/wp\/v2\/types\/post"}],"author":[{"embeddable":true,"href":"https:\/\/avocat-gc.com\/divorce\/wp-json\/wp\/v2\/users\/1"}],"replies":[{"embeddable":true,"href":"https:\/\/avocat-gc.com\/divorce\/wp-json\/wp\/v2\/comments?post=14312"}],"version-history":[{"count":1,"href":"https:\/\/avocat-gc.com\/divorce\/wp-json\/wp\/v2\/posts\/14312\/revisions"}],"predecessor-version":[{"id":16394,"href":"https:\/\/avocat-gc.com\/divorce\/wp-json\/wp\/v2\/posts\/14312\/revisions\/16394"}],"wp:attachment":[{"href":"https:\/\/avocat-gc.com\/divorce\/wp-json\/wp\/v2\/media?parent=14312"}],"wp:term":[{"taxonomy":"category","embeddable":true,"href":"https:\/\/avocat-gc.com\/divorce\/wp-json\/wp\/v2\/categories?post=14312"},{"taxonomy":"post_tag","embeddable":true,"href":"https:\/\/avocat-gc.com\/divorce\/wp-json\/wp\/v2\/tags?post=14312"}],"curies":[{"name":"wp","href":"https:\/\/api.w.org\/{rel}","templated":true}]}}